{"id":9463,"date":"2024-10-11T09:22:20","date_gmt":"2024-10-11T08:22:20","guid":{"rendered":"https:\/\/www.hikeandbike.si\/?p=9463"},"modified":"2026-01-05T13:08:26","modified_gmt":"2026-01-05T12:08:26","slug":"zimski-pohod","status":"publish","type":"post","link":"https:\/\/www.hikeandbike.si\/sl\/vodena-dozivetja\/pohodnistvo-g\/zimski-pohod\/","title":{"rendered":"Zimsko pohodni\u0161ko do\u017eivetje"},"content":{"rendered":"\n<div class=\"wp-block-columns is-layout-flex wp-container-core-columns-is-layout-1 wp-block-columns-is-layout-flex\">\n<div class=\"wp-block-column is-layout-flow wp-block-column-is-layout-flow\">\n<p class=\"is-style-large\">Do\u017eivite lepote <strong>Bleda<\/strong> in <strong>Bohinja<\/strong> in se nam pridru\u017eite na zimskem pohodu.  <\/p>\n\n\n\n<p class=\"is-style-large\"><strong>Pripravljeni na nova do\u017eivetja?<\/strong> Rezervirajte va\u0161e mesto na edinstvenem zimskem do\u017eivetju.<\/p>\n<\/div>\n\n\n\n<div class=\"wp-block-column is-layout-flow wp-block-column-is-layout-flow\">\n\n<div class=\"wp-block-experience-banner\">\n\t<h2>ZIMSKO POHODNI\u0160KO DO\u017dIVETJE<\/h2>\n\t<h3>50 eur \/  <\/h3><h4>na osebo<\/h4>\n\t<p><strong>3 ure<\/strong><\/p>\n\t<a class=\"button button-ozadje\" href=\"#book\">Rezerviraj<\/a>\n<\/div>\n<\/div>\n<\/div>\n\n\n\n<figure class=\"wp-block-gallery alignfull has-nested-images columns-default is-cropped is-style-default wp-block-gallery-1 is-layout-flex wp-block-gallery-is-layout-flex\">\n<figure class=\"wp-block-image size-full\"><a href=\"https:\/\/www.hikeandbike.si\/wp-content\/uploads\/2024\/10\/snowshoe13-2024.jpg\"><img decoding=\"async\" width=\"2560\" height=\"1921\" data-id=\"10432\" src=\"https:\/\/www.hikeandbike.si\/wp-content\/uploads\/2024\/10\/snowshoe13-2024.jpg\" alt=\"zimski pohod v gozdu\" class=\"wp-image-10432\" srcset=\"https:\/\/www.hikeandbike.si\/wp-content\/uploads\/2024\/10\/snowshoe13-2024.jpg 2560w, https:\/\/www.hikeandbike.si\/wp-content\/uploads\/2024\/10\/snowshoe13-2024-1260x945.jpg 1260w, https:\/\/www.hikeandbike.si\/wp-content\/uploads\/2024\/10\/snowshoe13-2024-1920x1441.jpg 1920w, https:\/\/www.hikeandbike.si\/wp-content\/uploads\/2024\/10\/snowshoe13-2024-600x450.jpg 600w\" sizes=\"(max-width: 2560px) 100vw, 2560px\" \/><\/a><\/figure>\n\n\n\n<figure class=\"wp-block-image size-full\"><a href=\"https:\/\/www.hikeandbike.si\/wp-content\/uploads\/2024\/10\/F015783-bled_jost_gantar_6-photo-m.jpg\"><img decoding=\"async\" width=\"2000\" height=\"1332\" data-id=\"10096\" src=\"https:\/\/www.hikeandbike.si\/wp-content\/uploads\/2024\/10\/F015783-bled_jost_gantar_6-photo-m.jpg\" alt=\"bled pozimi\" class=\"wp-image-10096\" srcset=\"https:\/\/www.hikeandbike.si\/wp-content\/uploads\/2024\/10\/F015783-bled_jost_gantar_6-photo-m.jpg 2000w, https:\/\/www.hikeandbike.si\/wp-content\/uploads\/2024\/10\/F015783-bled_jost_gantar_6-photo-m-1260x839.jpg 1260w, https:\/\/www.hikeandbike.si\/wp-content\/uploads\/2024\/10\/F015783-bled_jost_gantar_6-photo-m-1920x1279.jpg 1920w, https:\/\/www.hikeandbike.si\/wp-content\/uploads\/2024\/10\/F015783-bled_jost_gantar_6-photo-m-600x400.jpg 600w\" sizes=\"(max-width: 2000px) 100vw, 2000px\" \/><\/a><\/figure>\n\n\n\n<figure class=\"wp-block-image size-full\"><a href=\"https:\/\/www.hikeandbike.si\/wp-content\/uploads\/2024\/10\/snowshoe14-2024.jpg\"><img decoding=\"async\" width=\"2560\" height=\"1920\" data-id=\"10436\" src=\"https:\/\/www.hikeandbike.si\/wp-content\/uploads\/2024\/10\/snowshoe14-2024.jpg\" alt=\"zajamniki\" class=\"wp-image-10436\" srcset=\"https:\/\/www.hikeandbike.si\/wp-content\/uploads\/2024\/10\/snowshoe14-2024.jpg 2560w, https:\/\/www.hikeandbike.si\/wp-content\/uploads\/2024\/10\/snowshoe14-2024-1260x945.jpg 1260w, https:\/\/www.hikeandbike.si\/wp-content\/uploads\/2024\/10\/snowshoe14-2024-1920x1440.jpg 1920w, https:\/\/www.hikeandbike.si\/wp-content\/uploads\/2024\/10\/snowshoe14-2024-600x450.jpg 600w\" sizes=\"(max-width: 2560px) 100vw, 2560px\" \/><\/a><\/figure>\n<\/figure>\n\n\n\n<div class=\"wp-block-columns is-layout-flex wp-container-core-columns-is-layout-2 wp-block-columns-is-layout-flex\">\n<div class=\"wp-block-column is-layout-flow wp-block-column-is-layout-flow\">\n<h2 class=\"wp-block-heading\">Podrobnosti<\/h2>\n\n\n\n<p class=\"is-style-default\"><strong>OPREMA:<\/strong> Udobni pohodni\u0161ki \u010devlji in topla zimska obla\u010dila (jakna, kapa, rokavice).<\/p>\n\n\n\n<p class=\"is-style-default\"><strong>PRIMERNO ZA:<\/strong> Odrasle in otroke starej\u0161e od 10let<\/p>\n\n\n\n<p class=\"is-style-default\"><strong>ZAHTEVNOST:<\/strong> Lahko do srednje zahtevno, odvisno od skupine<\/p>\n\n\n\n<p class=\"is-style-default\"><strong>ZAHTEVE:<\/strong> Dobra telesna pripravljenost<\/p>\n\n\n\n<p class=\"is-style-default\"><strong>DATUMI:<\/strong> Na voljo od decembra do marca<\/p>\n\n\n\n<p class=\"is-style-default\"><strong>VKLJU\u010cENO:<\/strong> Licenciran vodnik in presene\u010denje<\/p>\n\n\n\n<p class=\"is-style-default\"><strong>MINIMALNO \u0160T. UDELE\u017dENCEV:<\/strong> 4<\/p>\n\n\n\n<p><strong>CENA:<\/strong><\/p>\n\n\n\n<ul class=\"wp-block-list\">\n<li>50\u20ac<\/li>\n\n\n\n<li>privat tura 250\u20ac (do 4 osebe, vsaka dodatna oseba + 10\u20ac)<\/li>\n<\/ul>\n\n\n\n<p><strong>ZBIRNO MESTO:<\/strong><\/p>\n\n\n\n<ul class=\"wp-block-list\">\n<li><strong>VSAKO SOBOTO ob 10h<\/strong> &#8211; Bohinj: <a href=\"https:\/\/www.google.com\/maps\/place\/TIC+Stara+Fu%C5%BEina\/@46.2878102,13.8946136,20.14z\/data=!4m6!3m5!1s0x477a8da0f08c92a1:0x68c302bce6b530c8!8m2!3d46.2876464!4d13.8943412!16s%2Fg%2F11ry1m69nn?entry=ttu&amp;g_ep=EgoyMDI0MTExOS4yIKXMDSoASAFQAw%3D%3D\" data-type=\"link\" data-id=\"https:\/\/www.google.com\/maps\/place\/TIC+Stara+Fu\u017eina\/@46.2878102,13.8946136,20.14z\/data=!4m6!3m5!1s0x477a8da0f08c92a1:0x68c302bce6b530c8!8m2!3d46.2876464!4d13.8943412!16s%2Fg%2F11ry1m69nn?entry=ttu&amp;g_ep=EgoyMDI0MTExOS4yIKXMDSoASAFQAw%3D%3D\" target=\"_blank\" rel=\"noreferrer noopener\">Stara Fuzina Info Center<\/a>, Stara Fuzina 53b, 4265 Bohinjsko jezero<\/li>\n<\/ul>\n\n\n\n<ul class=\"wp-block-list\">\n<li><strong>VSAKO NEDELJO ob 10h<\/strong> &#8211; Bled: <a href=\"https:\/\/www.google.com\/maps\/place\/Hotel+Park\/@46.3672107,14.1064405,17z\/data=!3m1!4b1!4m9!3m8!1s0x477a96ccffc1cbc1:0x896f5ed21a2180e1!5m2!4m1!1i2!8m2!3d46.367207!4d14.1090154!16s%2Fg%2F1hhgvcj3f?entry=ttu&amp;g_ep=EgoyMDI0MTExOS4yIKXMDSoASAFQAw%3D%3D\" data-type=\"link\" data-id=\"https:\/\/www.google.com\/maps\/place\/Hotel+Park\/@46.3672107,14.1064405,17z\/data=!3m1!4b1!4m9!3m8!1s0x477a96ccffc1cbc1:0x896f5ed21a2180e1!5m2!4m1!1i2!8m2!3d46.367207!4d14.1090154!16s%2Fg%2F1hhgvcj3f?entry=ttu&amp;g_ep=EgoyMDI0MTExOS4yIKXMDSoASAFQAw%3D%3D\" target=\"_blank\" rel=\"noreferrer noopener\">Hotel Park Bled<\/a>, Cesta Svobode 15, 4260 Bled<\/li>\n<\/ul>\n<\/div>\n\n\n\n<div class=\"wp-block-column is-layout-flow wp-block-column-is-layout-flow\">\n<h2 class=\"wp-block-heading\">DOBRO JE VEDETI<\/h2>\n\n\n\n<p><strong>ALI DO\u017dIVETJE POTEKA V VSAKEM VREMENU?<\/strong><\/p>\n\n\n\n<p>Da, do\u017eivetje se izvede \u010de so poti varne in vremenske razmere primerne za hojo.<\/p>\n\n\n\n<p><strong>ROK ZA PRIJAVO:<\/strong><\/p>\n\n\n\n<p>24ur pred pri\u010detkom do\u017eivetja<\/p>\n\n\n\n<p><strong>TRAJANJE:<\/strong><\/p>\n\n\n\n<p>Okvirno 3ure (\u010das se lahko razlikuje glede na pot in stanje poti)<\/p>\n\n\n\n<p><strong>POGOJI: <\/strong><\/p>\n\n\n\n<ul class=\"wp-block-list\">\n<li>\u010ce minimalno \u0161tevilo udele\u017eencev ni dose\u017eeno, si pridr\u017eujemo pravico do odpovedi rezervacije do 12 ur pred na\u010drtovanim za\u010detkom.<\/li>\n\n\n\n<li>Do\u017eivetje se lahko odpove ali prestavi zaradi nepredvidljivega ali nevarnega vremena, o \u010demer vas bo vodnik pravo\u010dasno obvestil. <\/li>\n<\/ul>\n<\/div>\n<\/div>\n\n\n\n<figure class=\"wp-block-image alignfull size-full is-style-animation-zoom\"><img decoding=\"async\" width=\"2000\" height=\"1335\" src=\"https:\/\/www.hikeandbike.si\/wp-content\/uploads\/2024\/10\/F009833-025_slovenia_winter_2017_pokljuka-photo-m.jpg\" alt=\"zimski pohod na pokljuki\" class=\"wp-image-10079\" srcset=\"https:\/\/www.hikeandbike.si\/wp-content\/uploads\/2024\/10\/F009833-025_slovenia_winter_2017_pokljuka-photo-m.jpg 2000w, https:\/\/www.hikeandbike.si\/wp-content\/uploads\/2024\/10\/F009833-025_slovenia_winter_2017_pokljuka-photo-m-1260x841.jpg 1260w, https:\/\/www.hikeandbike.si\/wp-content\/uploads\/2024\/10\/F009833-025_slovenia_winter_2017_pokljuka-photo-m-1920x1282.jpg 1920w, https:\/\/www.hikeandbike.si\/wp-content\/uploads\/2024\/10\/F009833-025_slovenia_winter_2017_pokljuka-photo-m-600x401.jpg 600w\" sizes=\"(max-width: 2000px) 100vw, 2000px\" \/><\/figure>\n\n\n\n<h2 class=\"wp-block-heading has-text-align-center\"><strong>Potopite se v zimsko pravljico\u2014rezervirajte nepozabno zimsko do\u017eivetje zdaj!<\/strong><\/h2>\n","protected":false},"excerpt":{"rendered":"<p>Pridru\u017eite se nam na edinstvenem zimskem pohodu vsako sredo na Bledu in nedeljo v Bohinju.<\/p>\n","protected":false},"author":5,"featured_media":10090,"comment_status":"closed","ping_status":"open","sticky":false,"template":"","format":"standard","meta":{"footnotes":""},"categories":[99],"tags":[],"class_list":["post-9463","post","type-post","status-publish","format-standard","has-post-thumbnail","hentry","category-pohodnistvo-g"],"acf":[],"_links":{"self":[{"href":"https:\/\/www.hikeandbike.si\/sl\/wp-json\/wp\/v2\/posts\/9463","targetHints":{"allow":["GET"]}}],"collection":[{"href":"https:\/\/www.hikeandbike.si\/sl\/wp-json\/wp\/v2\/posts"}],"about":[{"href":"https:\/\/www.hikeandbike.si\/sl\/wp-json\/wp\/v2\/types\/post"}],"author":[{"embeddable":true,"href":"https:\/\/www.hikeandbike.si\/sl\/wp-json\/wp\/v2\/users\/5"}],"replies":[{"embeddable":true,"href":"https:\/\/www.hikeandbike.si\/sl\/wp-json\/wp\/v2\/comments?post=9463"}],"version-history":[{"count":6,"href":"https:\/\/www.hikeandbike.si\/sl\/wp-json\/wp\/v2\/posts\/9463\/revisions"}],"predecessor-version":[{"id":13627,"href":"https:\/\/www.hikeandbike.si\/sl\/wp-json\/wp\/v2\/posts\/9463\/revisions\/13627"}],"wp:featuredmedia":[{"embeddable":true,"href":"https:\/\/www.hikeandbike.si\/sl\/wp-json\/wp\/v2\/media\/10090"}],"wp:attachment":[{"href":"https:\/\/www.hikeandbike.si\/sl\/wp-json\/wp\/v2\/media?parent=9463"}],"wp:term":[{"taxonomy":"category","embeddable":true,"href":"https:\/\/www.hikeandbike.si\/sl\/wp-json\/wp\/v2\/categories?post=9463"},{"taxonomy":"post_tag","embeddable":true,"href":"https:\/\/www.hikeandbike.si\/sl\/wp-json\/wp\/v2\/tags?post=9463"}],"curies":[{"name":"wp","href":"https:\/\/api.w.org\/{rel}","templated":true}]}}